{"id":1149,"date":"2023-02-23T14:31:09","date_gmt":"2023-02-23T14:31:09","guid":{"rendered":"https:\/\/bw-hh.de\/?p=1149"},"modified":"2025-11-05T19:06:28","modified_gmt":"2025-11-05T19:06:28","slug":"stufenfahrt-9-nach-schleiden-ip-vogelsang-cloned","status":"publish","type":"post","link":"https:\/\/bw-hh.de\/?p=1149","title":{"rendered":"Stufenfahrt 9 nach Schleiden &#8211; IP Vogelsang"},"content":{"rendered":"<div class=\"fusion-fullwidth fullwidth-box fusion-builder-row-1 fusion-flex-container nonhundred-percent-fullwidth non-hundred-percent-height-scrolling\" style=\"--awb-border-radius-top-left:0px;--awb-border-radius-top-right:0px;--awb-border-radius-bottom-right:0px;--awb-border-radius-bottom-left:0px;--awb-flex-wrap:wrap;\" ><div class=\"fusion-builder-row fusion-row fusion-flex-align-items-flex-start fusion-flex-content-wrap\" style=\"max-width:1248px;margin-left: calc(-4% \/ 2 );margin-right: calc(-4% \/ 2 );\"><div class=\"fusion-layout-column fusion_builder_column fusion-builder-column-0 fusion_builder_column_1_1 1_1 fusion-flex-column\" style=\"--awb-bg-size:cover;--awb-width-large:100%;--awb-margin-top-large:0px;--awb-spacing-right-large:1.92%;--awb-margin-bottom-large:0px;--awb-spacing-left-large:1.92%;--awb-width-medium:100%;--awb-spacing-right-medium:1.92%;--awb-spacing-left-medium:1.92%;--awb-width-small:100%;--awb-spacing-right-small:1.92%;--awb-spacing-left-small:1.92%;\"><div class=\"fusion-column-wrapper fusion-flex-justify-content-flex-start fusion-content-layout-column\"><div class=\"fusion-text fusion-text-1\"><p><strong>Crucenia Realschule plus &#8211; 55543 Bad Kreuznach\u00a0 \u00a0\u00a0 \/\u00a0 \u00a0\u00a0 23.02.2023\u00a0 \u00a0\u00a0 \/ \u00a0<\/strong><\/p>\n<p><strong>\u00a0<\/strong><\/p>\n<p>Die Vorbereitung auf diese Studienfahrt fand im GL Unterricht statt. Die Sch\u00fclerinnen und Sch\u00fcler erarbeiteten hierzu in Kleingruppen Pr\u00e4sentationen im Klassenverband, die sie auf das in Schleiden stattfindende Projekt &#8222;Wer sind Wir&#8220; vorbereiteten. Der Kontext des Nationalsozialismus wurde dabei hergestellt und durch die Pr\u00e4sentationen wurden alle auch tiefgehend vorbereitet.<\/p>\n<p><strong>Programmablauf <\/strong><\/p>\n<p>07.15\u00a0\u00a0 Uhr \u00a0 Treffpunkt an der Schule<\/p>\n<p>10.00\u00a0\u00a0 Uhr\u00a0\u00a0 Ankunft am IP Vogelsang<\/p>\n<p>10.30\u00a0\u00a0 Uhr\u00a0\u00a0 Start des Projektes \u201eDas sind Wir\u201c im jeweiligen Klassenverband<\/p>\n<p>13.00\u00a0\u00a0 Uhr\u00a0\u00a0 Mittagspause mit Orientierung auf dem weitl\u00e4ufigen und historischen Gel\u00e4nder der SuS in Kleingruppen<\/p>\n<p>14.00\u00a0\u00a0 Uhr\u00a0\u00a0 Weiterarbeit in der Projektgruppe<\/p>\n<p>16.00\u00a0\u00a0 Uhr\u00a0\u00a0 Abschlussrunde mit allen SuS<\/p>\n<p>16.30 \u00a0 Uhr \u00a0 R\u00fcckfahrt zur Schule<\/p>\n<p><strong>Zusammenfassung des Projekts<\/strong><\/p>\n<p>Die Klasse 9e wurde von geschulten p\u00e4dagogischen Personal vom IP Vogelsang durch den Projekttag gef\u00fchrt. Unterst\u00fctzt wurden sie durch ihr Klassenlehrerin. Das Projekt zeigte den SuS handlungsorientiert und auf ihre eigene Lebenswelt bezogen die Auswirklungen der Gewaltherrschaft des Nationalsozialismus. Alle \u00d6rtlichkeiten des IP Vogelsang wurden unter der historischen Perspektive erl\u00e4utert und auf die aktuelle Lebenswelt der SuS reflektiert. Die Unterscheidung zwischen Kulturen, Religionen, welche es heute gibt, wurden auf den Umgang der Nationalsozialisten mit dieser Fragestellung, in den Fokus ger\u00fcckt. Das \u201eWir\u201c als Identit\u00e4t, welche sich eben nicht auf Herkunft, Religion oder Aussehen begr\u00fcndet, wurde klar verdeutlicht. Gerade f\u00fcr unsere SuS, welche sich auch \u00f6fter mit Rassismus konfrontiert sehen, war es eine besonders wichtige Erkenntnis, was das \u201eWIR\u201c in unserer jetzigen Welt bedeutet. Durch die klare Abgrenzung zu der Vorgehensweise zur Zeit des Nationalsozialismus f\u00fchlten sich unsere SuS best\u00e4rkt in ihrer heterogenen, interkulturellen und internationalen Lebenswelt.<\/p>\n<p><strong>Partizipationsm\u00f6glichkeiten der Lernenden<\/strong><\/p>\n<p>\u00dcber den gesamten Prozess des Projektes war es den SuS m\u00f6glich, selbst auch zu erfahren, was es bedeutet, zum Beispiel ausgegrenzt zu sein. In vielf\u00e4ltiger Varianz wurden durch handlungsorientierte Spiele, vertrauensbildende P\u00e4dagogik und Gruppendiskussionen der Kern des nationalsozialistischen Gedankenguts an die SuS erlebnisorientiert vermittelt. Unsere Klasse war viel in Bewegung, konnte teilhaben und eigene Erfahrungen machen, welche es ihnen erm\u00f6glicht hat, das gesamte Themenfeld nachhaltig zu erleben.<\/p>\n<p><strong>Nachhaltigkeit bzw. \u00dcbertragbarkeit des Projekts auf k\u00fcnftige Vorhaben<\/strong><\/p>\n<p>Das Feedback der Klassen war sehr gut, sie empfanden das gesamte Thema als greifbar und waren beeindruckt von der Kulisse des IP Vogelsang. Durch die geplante Pr\u00e4sentation der Ereignisse am kommenden Freitag (Elternsprechtag) werden wir diese auch f\u00fcr die Schulgemeinschaft erneut transparent machen. Die Ver\u00f6ffentlichung unseres erfolgreichen Tages erfolgte bereits in der Allgemeinen Zeitung am 11.03.2023 und auch auf unserer Homepage haben wir von unserer gelungenen Gedenkst\u00e4ttenarbeit berichtet.<\/p>\n<p>Das Projektteam der Crucenia Realschule plus Bad Kreuznach<\/p>\n<\/div><div class=\"awb-gallery-wrapper awb-gallery-wrapper-1 button-span-no\" style=\"--more-btn-alignment:center;\"><div style=\"margin:-5px;--awb-bordersize:0px;\" class=\"fusion-gallery fusion-gallery-container fusion-grid-3 fusion-columns-total-7 fusion-gallery-layout-grid fusion-gallery-1\"><div style=\"padding:5px;\" class=\"fusion-grid-column fusion-gallery-column fusion-gallery-column-3 hover-type-none\"><div class=\"fusion-gallery-image\"><a href=\"https:\/\/bw-hh.de\/wp-content\/uploads\/2025\/07\/PA-2302_001-Gruppenarbeit_Home.jpg\" rel=\"noreferrer\" data-rel=\"iLightbox[gallery_image_1]\" class=\"fusion-lightbox\" target=\"_self\"><img decoding=\"async\" src=\"https:\/\/bw-hh.de\/wp-content\/uploads\/2025\/07\/PA-2302_001-Gruppenarbeit_Home.jpg\" width=\"1024\" height=\"768\" alt=\"\" title=\"PA-2302_001-Gruppenarbeit_Home\" aria-label=\"PA-2302_001-Gruppenarbeit_Home\" class=\"img-responsive wp-image-1141\" srcset=\"https:\/\/bw-hh.de\/wp-content\/uploads\/2025\/07\/PA-2302_001-Gruppenarbeit_Home-200x150.jpg 200w, https:\/\/bw-hh.de\/wp-content\/uploads\/2025\/07\/PA-2302_001-Gruppenarbeit_Home-400x300.jpg 400w, https:\/\/bw-hh.de\/wp-content\/uploads\/2025\/07\/PA-2302_001-Gruppenarbeit_Home-600x450.jpg 600w, https:\/\/bw-hh.de\/wp-content\/uploads\/2025\/07\/PA-2302_001-Gruppenarbeit_Home-800x600.jpg 800w, https:\/\/bw-hh.de\/wp-content\/uploads\/2025\/07\/PA-2302_001-Gruppenarbeit_Home.jpg 1024w\" sizes=\"(min-width: 2200px) 100vw, (min-width: 784px) 397px, (min-width: 712px) 595px, (min-width: 640px) 712px, \" \/><\/a><\/div><\/div><div style=\"padding:5px;\" class=\"fusion-grid-column fusion-gallery-column fusion-gallery-column-3 hover-type-none\"><div class=\"fusion-gallery-image\"><a href=\"https:\/\/bw-hh.de\/wp-content\/uploads\/2025\/07\/PA-2302_002-NS-Gedenkstaette-Vogelsang_Home.jpg\" rel=\"noreferrer\" data-rel=\"iLightbox[gallery_image_1]\" class=\"fusion-lightbox\" target=\"_self\"><img decoding=\"async\" src=\"https:\/\/bw-hh.de\/wp-content\/uploads\/2025\/07\/PA-2302_002-NS-Gedenkstaette-Vogelsang_Home.jpg\" width=\"1024\" height=\"768\" alt=\"\" title=\"PA-2302_002-NS Gedenkst\u00e4tte Vogelsang_Home\" aria-label=\"PA-2302_002-NS Gedenkst\u00e4tte Vogelsang_Home\" class=\"img-responsive wp-image-1142\" srcset=\"https:\/\/bw-hh.de\/wp-content\/uploads\/2025\/07\/PA-2302_002-NS-Gedenkstaette-Vogelsang_Home-200x150.jpg 200w, https:\/\/bw-hh.de\/wp-content\/uploads\/2025\/07\/PA-2302_002-NS-Gedenkstaette-Vogelsang_Home-400x300.jpg 400w, https:\/\/bw-hh.de\/wp-content\/uploads\/2025\/07\/PA-2302_002-NS-Gedenkstaette-Vogelsang_Home-600x450.jpg 600w, https:\/\/bw-hh.de\/wp-content\/uploads\/2025\/07\/PA-2302_002-NS-Gedenkstaette-Vogelsang_Home-800x600.jpg 800w, https:\/\/bw-hh.de\/wp-content\/uploads\/2025\/07\/PA-2302_002-NS-Gedenkstaette-Vogelsang_Home.jpg 1024w\" sizes=\"(min-width: 2200px) 100vw, (min-width: 784px) 397px, (min-width: 712px) 595px, (min-width: 640px) 712px, \" \/><\/a><\/div><\/div><div style=\"padding:5px;\" class=\"fusion-grid-column fusion-gallery-column fusion-gallery-column-3 hover-type-none\"><div class=\"fusion-gallery-image\"><a href=\"https:\/\/bw-hh.de\/wp-content\/uploads\/2025\/07\/PA-2302_003-NS-Gedenkstaette-Vogelsang_Home.jpg\" rel=\"noreferrer\" data-rel=\"iLightbox[gallery_image_1]\" class=\"fusion-lightbox\" target=\"_self\"><img decoding=\"async\" src=\"https:\/\/bw-hh.de\/wp-content\/uploads\/2025\/07\/PA-2302_003-NS-Gedenkstaette-Vogelsang_Home.jpg\" width=\"1864\" height=\"768\" alt=\"\" title=\"PA-2302_003-NS Gedenkst\u00e4tte Vogelsang_Home\" aria-label=\"PA-2302_003-NS Gedenkst\u00e4tte Vogelsang_Home\" class=\"img-responsive wp-image-1143\" srcset=\"https:\/\/bw-hh.de\/wp-content\/uploads\/2025\/07\/PA-2302_003-NS-Gedenkstaette-Vogelsang_Home-200x82.jpg 200w, https:\/\/bw-hh.de\/wp-content\/uploads\/2025\/07\/PA-2302_003-NS-Gedenkstaette-Vogelsang_Home-400x165.jpg 400w, https:\/\/bw-hh.de\/wp-content\/uploads\/2025\/07\/PA-2302_003-NS-Gedenkstaette-Vogelsang_Home-600x247.jpg 600w, https:\/\/bw-hh.de\/wp-content\/uploads\/2025\/07\/PA-2302_003-NS-Gedenkstaette-Vogelsang_Home-800x330.jpg 800w, https:\/\/bw-hh.de\/wp-content\/uploads\/2025\/07\/PA-2302_003-NS-Gedenkstaette-Vogelsang_Home-1200x494.jpg 1200w, https:\/\/bw-hh.de\/wp-content\/uploads\/2025\/07\/PA-2302_003-NS-Gedenkstaette-Vogelsang_Home.jpg 1864w\" sizes=\"(min-width: 2200px) 100vw, (min-width: 784px) 397px, (min-width: 712px) 595px, (min-width: 640px) 712px, \" \/><\/a><\/div><\/div><div class=\"clearfix\"><\/div><div style=\"padding:5px;\" class=\"fusion-grid-column fusion-gallery-column fusion-gallery-column-3 hover-type-none\"><div class=\"fusion-gallery-image\"><a href=\"https:\/\/bw-hh.de\/wp-content\/uploads\/2025\/07\/PA-2302_004-NS-Gedenkstaette-Vogelsang_Home.jpg\" rel=\"noreferrer\" data-rel=\"iLightbox[gallery_image_1]\" class=\"fusion-lightbox\" target=\"_self\"><img decoding=\"async\" src=\"https:\/\/bw-hh.de\/wp-content\/uploads\/2025\/07\/PA-2302_004-NS-Gedenkstaette-Vogelsang_Home.jpg\" width=\"1024\" height=\"768\" alt=\"\" title=\"PA-2302_004-NS Gedenkst\u00e4tte Vogelsang_Home\" aria-label=\"PA-2302_004-NS Gedenkst\u00e4tte Vogelsang_Home\" class=\"img-responsive wp-image-1144\" srcset=\"https:\/\/bw-hh.de\/wp-content\/uploads\/2025\/07\/PA-2302_004-NS-Gedenkstaette-Vogelsang_Home-200x150.jpg 200w, https:\/\/bw-hh.de\/wp-content\/uploads\/2025\/07\/PA-2302_004-NS-Gedenkstaette-Vogelsang_Home-400x300.jpg 400w, https:\/\/bw-hh.de\/wp-content\/uploads\/2025\/07\/PA-2302_004-NS-Gedenkstaette-Vogelsang_Home-600x450.jpg 600w, https:\/\/bw-hh.de\/wp-content\/uploads\/2025\/07\/PA-2302_004-NS-Gedenkstaette-Vogelsang_Home-800x600.jpg 800w, https:\/\/bw-hh.de\/wp-content\/uploads\/2025\/07\/PA-2302_004-NS-Gedenkstaette-Vogelsang_Home.jpg 1024w\" sizes=\"(min-width: 2200px) 100vw, (min-width: 784px) 397px, (min-width: 712px) 595px, (min-width: 640px) 712px, \" \/><\/a><\/div><\/div><div style=\"padding:5px;\" class=\"fusion-grid-column fusion-gallery-column fusion-gallery-column-3 hover-type-none\"><div class=\"fusion-gallery-image\"><a href=\"https:\/\/bw-hh.de\/wp-content\/uploads\/2025\/07\/PA-2302_005-NS-Gedenkstaette-Vogelsang_Home.jpg\" rel=\"noreferrer\" data-rel=\"iLightbox[gallery_image_1]\" class=\"fusion-lightbox\" target=\"_self\"><img decoding=\"async\" src=\"https:\/\/bw-hh.de\/wp-content\/uploads\/2025\/07\/PA-2302_005-NS-Gedenkstaette-Vogelsang_Home.jpg\" width=\"1024\" height=\"768\" alt=\"\" title=\"PA-2302_005-NS Gedenkst\u00e4tte Vogelsang_Home\" aria-label=\"PA-2302_005-NS Gedenkst\u00e4tte Vogelsang_Home\" class=\"img-responsive wp-image-1145\" srcset=\"https:\/\/bw-hh.de\/wp-content\/uploads\/2025\/07\/PA-2302_005-NS-Gedenkstaette-Vogelsang_Home-200x150.jpg 200w, https:\/\/bw-hh.de\/wp-content\/uploads\/2025\/07\/PA-2302_005-NS-Gedenkstaette-Vogelsang_Home-400x300.jpg 400w, https:\/\/bw-hh.de\/wp-content\/uploads\/2025\/07\/PA-2302_005-NS-Gedenkstaette-Vogelsang_Home-600x450.jpg 600w, https:\/\/bw-hh.de\/wp-content\/uploads\/2025\/07\/PA-2302_005-NS-Gedenkstaette-Vogelsang_Home-800x600.jpg 800w, https:\/\/bw-hh.de\/wp-content\/uploads\/2025\/07\/PA-2302_005-NS-Gedenkstaette-Vogelsang_Home.jpg 1024w\" sizes=\"(min-width: 2200px) 100vw, (min-width: 784px) 397px, (min-width: 712px) 595px, (min-width: 640px) 712px, \" \/><\/a><\/div><\/div><div style=\"padding:5px;\" class=\"fusion-grid-column fusion-gallery-column fusion-gallery-column-3 hover-type-none\"><div class=\"fusion-gallery-image\"><a href=\"https:\/\/bw-hh.de\/wp-content\/uploads\/2025\/07\/PA-2302_006-NS-Gedenkstaette-Vogelsang_Home.jpg\" rel=\"noreferrer\" data-rel=\"iLightbox[gallery_image_1]\" class=\"fusion-lightbox\" target=\"_self\"><img decoding=\"async\" src=\"https:\/\/bw-hh.de\/wp-content\/uploads\/2025\/07\/PA-2302_006-NS-Gedenkstaette-Vogelsang_Home.jpg\" width=\"1024\" height=\"768\" alt=\"\" title=\"PA-2302_006-NS Gedenkst\u00e4tte Vogelsang_Home\" aria-label=\"PA-2302_006-NS Gedenkst\u00e4tte Vogelsang_Home\" class=\"img-responsive wp-image-1146\" srcset=\"https:\/\/bw-hh.de\/wp-content\/uploads\/2025\/07\/PA-2302_006-NS-Gedenkstaette-Vogelsang_Home-200x150.jpg 200w, https:\/\/bw-hh.de\/wp-content\/uploads\/2025\/07\/PA-2302_006-NS-Gedenkstaette-Vogelsang_Home-400x300.jpg 400w, https:\/\/bw-hh.de\/wp-content\/uploads\/2025\/07\/PA-2302_006-NS-Gedenkstaette-Vogelsang_Home-600x450.jpg 600w, https:\/\/bw-hh.de\/wp-content\/uploads\/2025\/07\/PA-2302_006-NS-Gedenkstaette-Vogelsang_Home-800x600.jpg 800w, https:\/\/bw-hh.de\/wp-content\/uploads\/2025\/07\/PA-2302_006-NS-Gedenkstaette-Vogelsang_Home.jpg 1024w\" sizes=\"(min-width: 2200px) 100vw, (min-width: 784px) 397px, (min-width: 712px) 595px, (min-width: 640px) 712px, \" \/><\/a><\/div><\/div><div class=\"clearfix\"><\/div><div style=\"padding:5px;\" class=\"fusion-grid-column fusion-gallery-column fusion-gallery-column-3 hover-type-none\"><div class=\"fusion-gallery-image\"><a href=\"https:\/\/bw-hh.de\/wp-content\/uploads\/2025\/07\/PA-2302_Zeitungsartikel_AZ_2023-03-11_Home.jpg\" rel=\"noreferrer\" data-rel=\"iLightbox[gallery_image_1]\" class=\"fusion-lightbox\" target=\"_self\"><img decoding=\"async\" src=\"https:\/\/bw-hh.de\/wp-content\/uploads\/2025\/07\/PA-2302_Zeitungsartikel_AZ_2023-03-11_Home.jpg\" width=\"648\" height=\"753\" alt=\"\" title=\"PA-2302_Zeitungsartikel_AZ_2023-03-11_Home\" aria-label=\"PA-2302_Zeitungsartikel_AZ_2023-03-11_Home\" class=\"img-responsive wp-image-1148\" srcset=\"https:\/\/bw-hh.de\/wp-content\/uploads\/2025\/07\/PA-2302_Zeitungsartikel_AZ_2023-03-11_Home-200x232.jpg 200w, https:\/\/bw-hh.de\/wp-content\/uploads\/2025\/07\/PA-2302_Zeitungsartikel_AZ_2023-03-11_Home-400x465.jpg 400w, https:\/\/bw-hh.de\/wp-content\/uploads\/2025\/07\/PA-2302_Zeitungsartikel_AZ_2023-03-11_Home-600x697.jpg 600w, https:\/\/bw-hh.de\/wp-content\/uploads\/2025\/07\/PA-2302_Zeitungsartikel_AZ_2023-03-11_Home.jpg 648w\" sizes=\"(min-width: 2200px) 100vw, (min-width: 784px) 397px, (min-width: 712px) 595px, (min-width: 640px) 712px, \" \/><\/a><\/div><\/div><\/div><\/div><\/div><\/div><\/div><\/div>\n","protected":false},"excerpt":{"rendered":"","protected":false},"author":1,"featured_media":1143,"comment_status":"open","ping_status":"open","sticky":false,"template":"","format":"standard","meta":{"footnotes":""},"categories":[11],"tags":[],"class_list":["post-1149","post","type-post","status-publish","format-standard","has-post-thumbnail","hentry","category-studienfahrt"],"_links":{"self":[{"href":"https:\/\/bw-hh.de\/index.php?rest_route=\/wp\/v2\/posts\/1149","targetHints":{"allow":["GET"]}}],"collection":[{"href":"https:\/\/bw-hh.de\/index.php?rest_route=\/wp\/v2\/posts"}],"about":[{"href":"https:\/\/bw-hh.de\/index.php?rest_route=\/wp\/v2\/types\/post"}],"author":[{"embeddable":true,"href":"https:\/\/bw-hh.de\/index.php?rest_route=\/wp\/v2\/users\/1"}],"replies":[{"embeddable":true,"href":"https:\/\/bw-hh.de\/index.php?rest_route=%2Fwp%2Fv2%2Fcomments&post=1149"}],"version-history":[{"count":3,"href":"https:\/\/bw-hh.de\/index.php?rest_route=\/wp\/v2\/posts\/1149\/revisions"}],"predecessor-version":[{"id":1152,"href":"https:\/\/bw-hh.de\/index.php?rest_route=\/wp\/v2\/posts\/1149\/revisions\/1152"}],"wp:featuredmedia":[{"embeddable":true,"href":"https:\/\/bw-hh.de\/index.php?rest_route=\/wp\/v2\/media\/1143"}],"wp:attachment":[{"href":"https:\/\/bw-hh.de\/index.php?rest_route=%2Fwp%2Fv2%2Fmedia&parent=1149"}],"wp:term":[{"taxonomy":"category","embeddable":true,"href":"https:\/\/bw-hh.de\/index.php?rest_route=%2Fwp%2Fv2%2Fcategories&post=1149"},{"taxonomy":"post_tag","embeddable":true,"href":"https:\/\/bw-hh.de\/index.php?rest_route=%2Fwp%2Fv2%2Ftags&post=1149"}],"curies":[{"name":"wp","href":"https:\/\/api.w.org\/{rel}","templated":true}]}}