{"id":1186,"date":"2023-04-21T14:03:44","date_gmt":"2023-04-21T14:03:44","guid":{"rendered":"https:\/\/bw-hh.de\/?p=1186"},"modified":"2025-07-03T14:04:05","modified_gmt":"2025-07-03T14:04:05","slug":"befreiungsfeier-ravensbrueck-2023","status":"publish","type":"post","link":"https:\/\/bw-hh.de\/?p=1186","title":{"rendered":"Befreiungsfeier Ravensbr\u00fcck 2023"},"content":{"rendered":"<div class=\"fusion-fullwidth fullwidth-box fusion-builder-row-1 fusion-flex-container nonhundred-percent-fullwidth non-hundred-percent-height-scrolling\" style=\"--awb-border-radius-top-left:0px;--awb-border-radius-top-right:0px;--awb-border-radius-bottom-right:0px;--awb-border-radius-bottom-left:0px;--awb-flex-wrap:wrap;\" ><div class=\"fusion-builder-row fusion-row fusion-flex-align-items-flex-start fusion-flex-content-wrap\" style=\"max-width:1248px;margin-left: calc(-4% \/ 2 );margin-right: calc(-4% \/ 2 );\"><div class=\"fusion-layout-column fusion_builder_column fusion-builder-column-0 fusion_builder_column_1_1 1_1 fusion-flex-column\" style=\"--awb-bg-size:cover;--awb-width-large:100%;--awb-margin-top-large:0px;--awb-spacing-right-large:1.92%;--awb-margin-bottom-large:0px;--awb-spacing-left-large:1.92%;--awb-width-medium:100%;--awb-spacing-right-medium:1.92%;--awb-spacing-left-medium:1.92%;--awb-width-small:100%;--awb-spacing-right-small:1.92%;--awb-spacing-left-small:1.92%;\"><div class=\"fusion-column-wrapper fusion-flex-justify-content-flex-start fusion-content-layout-column\"><div class=\"fusion-text fusion-text-1\"><p><strong>BDP Rheinland-Pfalz &#8211; 55444 Waldlaubersheim\u00a0 \u00a0 \u00a0\/\u00a0 \u00a0 \u00a021.04.23 &#8211; 23.04.23\u00a0 \u00a0 \u00a0\/ \u00a0<\/strong><\/p>\n<p>Die Teilnahme an dem Wochenende der Befreiungsfeier hat f\u00fcr die Gruppe viel Inspiration, Austausch, Begegnung, neue Kontakte und Ideen erm\u00f6glicht, um die Arbeit im Rahmen des Gedenkens fortzusetzen.<\/p>\n<p>Die Zusammenarbeit zwischen jungen Menschen und erfahrenen Personen in der Gedenkarbeit hat sich wieder bew\u00e4hrt und motiviert, in dieser Form weiter zu machen. Insbesondere die Kontinuit\u00e4t der Arbeit durch den Hunsr\u00fccker Freundinnenkreis der Lagergemeinschaft \u2013 auch mit den \u00dcberlebenden \u2013 ist eine besondere Qualit\u00e4t.<\/p>\n<p><strong>Programm im Einzelnen<\/strong><\/p>\n<p><strong>Freitag:<\/strong><\/p>\n<p>Einstimmung im Haus der Lagergemeinschaft und Absprachen f\u00fcr das Wochenende.<\/p>\n<p>Erste Gespr\u00e4chsrunde mit Ingelore Prochnow, \u00dcberlebende des KZ Ravensbr\u00fcck, geboren in Ravensbr\u00fcck.<\/p>\n<p><strong>Samstag:<\/strong><\/p>\n<p><u>11.00 Uhr<\/u> Gedenken auf dem F\u00fcrstenberger Friedhof an die im KZ Ravensbr\u00fcck ermordeten polnischen Widerstandsk\u00e4mpferinnen und Gedenken an die im KZ Ravensbr\u00fcck ermordeten Kinder mit Redebeitr\u00e4gen von Barbara Pieotrowska, Janusz Rakowicz und Anna Krenz und musikalische Begleitung.<\/p>\n<p><u>15.00 Uhr<\/u> Gedenkfeier am Gedenkort \u201eJugend-KZ Uckermark\u201c mit Beitr\u00e4gen von \u00dcberlebenden (Kinder) und der Initiative f\u00fcr einen Gedenkort ehemaliges KZ Uckermark e.V. Netzwerk.<\/p>\n<p><u>19.30 Uhr<\/u> \u201eabendliches get together\u201c<\/p>\n<p><u>20.00 Uhr<\/u> Filmvorf\u00fchrung \u201eNelly und Nadine\u201c, Dokumentarfilm von Magnus Gertten, 2022 mit Filmgespr\u00e4ch mit \u00dcberlebenden aus Israel, S\u00fcdafrika, England und Deutschland.<\/p>\n<p><strong>Sonntag:<\/strong><\/p>\n<p><u>10.00 Uhr<\/u> offizielle Gedenkfeier in der Mahn- und Gedenkst\u00e4tte Ravensbr\u00fcck mit Beitr\u00e4gen von \u00dcberlebenden und Historiker*innen, musikalische Begleitung, Gedenken an der Mauer der Nationen sowie an der Stele und am Schwedtsee, wo sich die Asche vieler Opfer befindet. Zeitzeuginnen-Gespr\u00e4ch mit Ingelore Prochnow \u201egeboren in Ravensbr\u00fcck\u201c und Verabredung zur Fortsetzung der Begegnung im September im Hunsr\u00fcck. Absprache f\u00fcr 2 Veranstaltungen in Hinzert und Simmern.<\/p>\n<p><u>13.00 Uhr<\/u> Gedenken an die lesbischen Frauen und M\u00e4dchen. Einweihung einer Gedenkkugel mit Beitr\u00e4gen der Initiative Autonomer feministischen Freuen und Lesben aus Deutschland und \u00d6sterreich.<\/p>\n<p>Abschluss im Haus der Lagergemeinschaft.<\/p>\n<p>Anita Wiersch, BDP<\/p>\n<\/div><div class=\"awb-gallery-wrapper awb-gallery-wrapper-1 button-span-no\" style=\"--more-btn-alignment:center;\"><div style=\"margin:-5px;--awb-bordersize:0px;\" class=\"fusion-gallery fusion-gallery-container fusion-grid-3 fusion-columns-total-6 fusion-gallery-layout-grid fusion-gallery-1\"><div style=\"padding:5px;\" class=\"fusion-grid-column fusion-gallery-column fusion-gallery-column-3 hover-type-none\"><div class=\"fusion-gallery-image\"><a href=\"https:\/\/bw-hh.de\/wp-content\/uploads\/2025\/07\/PA-2307_001-Ravensbrueck_Home.jpg\" rel=\"noreferrer\" data-rel=\"iLightbox[gallery_image_1]\" class=\"fusion-lightbox\" target=\"_self\"><img decoding=\"async\" src=\"https:\/\/bw-hh.de\/wp-content\/uploads\/2025\/07\/PA-2307_001-Ravensbrueck_Home.jpg\" width=\"800\" height=\"600\" alt=\"\" title=\"PA-2307_001-Ravensbr\u00fcck_Home\" aria-label=\"PA-2307_001-Ravensbr\u00fcck_Home\" class=\"img-responsive wp-image-1187\" srcset=\"https:\/\/bw-hh.de\/wp-content\/uploads\/2025\/07\/PA-2307_001-Ravensbrueck_Home-200x150.jpg 200w, https:\/\/bw-hh.de\/wp-content\/uploads\/2025\/07\/PA-2307_001-Ravensbrueck_Home-400x300.jpg 400w, https:\/\/bw-hh.de\/wp-content\/uploads\/2025\/07\/PA-2307_001-Ravensbrueck_Home-600x450.jpg 600w, https:\/\/bw-hh.de\/wp-content\/uploads\/2025\/07\/PA-2307_001-Ravensbrueck_Home.jpg 800w\" sizes=\"(min-width: 2200px) 100vw, (min-width: 784px) 397px, (min-width: 712px) 595px, (min-width: 640px) 712px, \" \/><\/a><\/div><\/div><div style=\"padding:5px;\" class=\"fusion-grid-column fusion-gallery-column fusion-gallery-column-3 hover-type-none\"><div class=\"fusion-gallery-image\"><a href=\"https:\/\/bw-hh.de\/wp-content\/uploads\/2025\/07\/PA-2307_002-Ravensbrueck_Home.jpg\" rel=\"noreferrer\" data-rel=\"iLightbox[gallery_image_1]\" class=\"fusion-lightbox\" target=\"_self\"><img decoding=\"async\" src=\"https:\/\/bw-hh.de\/wp-content\/uploads\/2025\/07\/PA-2307_002-Ravensbrueck_Home.jpg\" width=\"600\" height=\"800\" alt=\"\" title=\"PA-2307_002-Ravensbr\u00fcck_Home\" aria-label=\"PA-2307_002-Ravensbr\u00fcck_Home\" class=\"img-responsive wp-image-1188\" srcset=\"https:\/\/bw-hh.de\/wp-content\/uploads\/2025\/07\/PA-2307_002-Ravensbrueck_Home-200x267.jpg 200w, https:\/\/bw-hh.de\/wp-content\/uploads\/2025\/07\/PA-2307_002-Ravensbrueck_Home-400x533.jpg 400w, https:\/\/bw-hh.de\/wp-content\/uploads\/2025\/07\/PA-2307_002-Ravensbrueck_Home.jpg 600w\" sizes=\"(min-width: 2200px) 100vw, (min-width: 784px) 397px, (min-width: 712px) 595px, (min-width: 640px) 712px, \" \/><\/a><\/div><\/div><div style=\"padding:5px;\" class=\"fusion-grid-column fusion-gallery-column fusion-gallery-column-3 hover-type-none\"><div class=\"fusion-gallery-image\"><a href=\"https:\/\/bw-hh.de\/wp-content\/uploads\/2025\/07\/PA-2307_003-Ravensbrueck_Home.jpg\" rel=\"noreferrer\" data-rel=\"iLightbox[gallery_image_1]\" class=\"fusion-lightbox\" target=\"_self\"><img decoding=\"async\" src=\"https:\/\/bw-hh.de\/wp-content\/uploads\/2025\/07\/PA-2307_003-Ravensbrueck_Home.jpg\" width=\"800\" height=\"600\" alt=\"\" title=\"PA-2307_003-Ravensbr\u00fcck_Home\" aria-label=\"PA-2307_003-Ravensbr\u00fcck_Home\" class=\"img-responsive wp-image-1189\" srcset=\"https:\/\/bw-hh.de\/wp-content\/uploads\/2025\/07\/PA-2307_003-Ravensbrueck_Home-200x150.jpg 200w, https:\/\/bw-hh.de\/wp-content\/uploads\/2025\/07\/PA-2307_003-Ravensbrueck_Home-400x300.jpg 400w, https:\/\/bw-hh.de\/wp-content\/uploads\/2025\/07\/PA-2307_003-Ravensbrueck_Home-600x450.jpg 600w, https:\/\/bw-hh.de\/wp-content\/uploads\/2025\/07\/PA-2307_003-Ravensbrueck_Home.jpg 800w\" sizes=\"(min-width: 2200px) 100vw, (min-width: 784px) 397px, (min-width: 712px) 595px, (min-width: 640px) 712px, \" \/><\/a><\/div><\/div><div class=\"clearfix\"><\/div><div style=\"padding:5px;\" class=\"fusion-grid-column fusion-gallery-column fusion-gallery-column-3 hover-type-none\"><div class=\"fusion-gallery-image\"><a href=\"https:\/\/bw-hh.de\/wp-content\/uploads\/2025\/07\/PA-2307_004-Ravensbrueck_Home.jpg\" rel=\"noreferrer\" data-rel=\"iLightbox[gallery_image_1]\" class=\"fusion-lightbox\" target=\"_self\"><img decoding=\"async\" src=\"https:\/\/bw-hh.de\/wp-content\/uploads\/2025\/07\/PA-2307_004-Ravensbrueck_Home.jpg\" width=\"800\" height=\"600\" alt=\"\" title=\"PA-2307_004-Ravensbr\u00fcck_Home\" aria-label=\"PA-2307_004-Ravensbr\u00fcck_Home\" class=\"img-responsive wp-image-1190\" srcset=\"https:\/\/bw-hh.de\/wp-content\/uploads\/2025\/07\/PA-2307_004-Ravensbrueck_Home-200x150.jpg 200w, https:\/\/bw-hh.de\/wp-content\/uploads\/2025\/07\/PA-2307_004-Ravensbrueck_Home-400x300.jpg 400w, https:\/\/bw-hh.de\/wp-content\/uploads\/2025\/07\/PA-2307_004-Ravensbrueck_Home-600x450.jpg 600w, https:\/\/bw-hh.de\/wp-content\/uploads\/2025\/07\/PA-2307_004-Ravensbrueck_Home.jpg 800w\" sizes=\"(min-width: 2200px) 100vw, (min-width: 784px) 397px, (min-width: 712px) 595px, (min-width: 640px) 712px, \" \/><\/a><\/div><\/div><div style=\"padding:5px;\" class=\"fusion-grid-column fusion-gallery-column fusion-gallery-column-3 hover-type-none\"><div class=\"fusion-gallery-image\"><a href=\"https:\/\/bw-hh.de\/wp-content\/uploads\/2025\/07\/PA-2307_005-Ravensbrueck_Home.jpg\" rel=\"noreferrer\" data-rel=\"iLightbox[gallery_image_1]\" class=\"fusion-lightbox\" target=\"_self\"><img decoding=\"async\" src=\"https:\/\/bw-hh.de\/wp-content\/uploads\/2025\/07\/PA-2307_005-Ravensbrueck_Home.jpg\" width=\"800\" height=\"600\" alt=\"\" title=\"PA-2307_005-Ravensbr\u00fcck_Home\" aria-label=\"PA-2307_005-Ravensbr\u00fcck_Home\" class=\"img-responsive wp-image-1191\" srcset=\"https:\/\/bw-hh.de\/wp-content\/uploads\/2025\/07\/PA-2307_005-Ravensbrueck_Home-200x150.jpg 200w, https:\/\/bw-hh.de\/wp-content\/uploads\/2025\/07\/PA-2307_005-Ravensbrueck_Home-400x300.jpg 400w, https:\/\/bw-hh.de\/wp-content\/uploads\/2025\/07\/PA-2307_005-Ravensbrueck_Home-600x450.jpg 600w, https:\/\/bw-hh.de\/wp-content\/uploads\/2025\/07\/PA-2307_005-Ravensbrueck_Home.jpg 800w\" sizes=\"(min-width: 2200px) 100vw, (min-width: 784px) 397px, (min-width: 712px) 595px, (min-width: 640px) 712px, \" \/><\/a><\/div><\/div><div style=\"padding:5px;\" class=\"fusion-grid-column fusion-gallery-column fusion-gallery-column-3 hover-type-none\"><div class=\"fusion-gallery-image\"><a href=\"https:\/\/bw-hh.de\/wp-content\/uploads\/2025\/07\/PA-2307_006-Ravensbrueck_Home.jpg\" rel=\"noreferrer\" data-rel=\"iLightbox[gallery_image_1]\" class=\"fusion-lightbox\" target=\"_self\"><img decoding=\"async\" src=\"https:\/\/bw-hh.de\/wp-content\/uploads\/2025\/07\/PA-2307_006-Ravensbrueck_Home.jpg\" width=\"800\" height=\"600\" alt=\"\" title=\"PA-2307_006-Ravensbr\u00fcck_Home\" aria-label=\"PA-2307_006-Ravensbr\u00fcck_Home\" class=\"img-responsive wp-image-1192\" srcset=\"https:\/\/bw-hh.de\/wp-content\/uploads\/2025\/07\/PA-2307_006-Ravensbrueck_Home-200x150.jpg 200w, https:\/\/bw-hh.de\/wp-content\/uploads\/2025\/07\/PA-2307_006-Ravensbrueck_Home-400x300.jpg 400w, https:\/\/bw-hh.de\/wp-content\/uploads\/2025\/07\/PA-2307_006-Ravensbrueck_Home-600x450.jpg 600w, https:\/\/bw-hh.de\/wp-content\/uploads\/2025\/07\/PA-2307_006-Ravensbrueck_Home.jpg 800w\" sizes=\"(min-width: 2200px) 100vw, (min-width: 784px) 397px, (min-width: 712px) 595px, (min-width: 640px) 712px, \" \/><\/a><\/div><\/div><div class=\"clearfix\"><\/div><\/div><\/div><\/div><\/div><\/div><\/div>\n","protected":false},"excerpt":{"rendered":"","protected":false},"author":1,"featured_media":1192,"comment_status":"open","ping_status":"open","sticky":false,"template":"","format":"standard","meta":{"footnotes":""},"categories":[11],"tags":[],"class_list":["post-1186","post","type-post","status-publish","format-standard","has-post-thumbnail","hentry","category-studienfahrt"],"_links":{"self":[{"href":"https:\/\/bw-hh.de\/index.php?rest_route=\/wp\/v2\/posts\/1186","targetHints":{"allow":["GET"]}}],"collection":[{"href":"https:\/\/bw-hh.de\/index.php?rest_route=\/wp\/v2\/posts"}],"about":[{"href":"https:\/\/bw-hh.de\/index.php?rest_route=\/wp\/v2\/types\/post"}],"author":[{"embeddable":true,"href":"https:\/\/bw-hh.de\/index.php?rest_route=\/wp\/v2\/users\/1"}],"replies":[{"embeddable":true,"href":"https:\/\/bw-hh.de\/index.php?rest_route=%2Fwp%2Fv2%2Fcomments&post=1186"}],"version-history":[{"count":1,"href":"https:\/\/bw-hh.de\/index.php?rest_route=\/wp\/v2\/posts\/1186\/revisions"}],"predecessor-version":[{"id":1194,"href":"https:\/\/bw-hh.de\/index.php?rest_route=\/wp\/v2\/posts\/1186\/revisions\/1194"}],"wp:featuredmedia":[{"embeddable":true,"href":"https:\/\/bw-hh.de\/index.php?rest_route=\/wp\/v2\/media\/1192"}],"wp:attachment":[{"href":"https:\/\/bw-hh.de\/index.php?rest_route=%2Fwp%2Fv2%2Fmedia&parent=1186"}],"wp:term":[{"taxonomy":"category","embeddable":true,"href":"https:\/\/bw-hh.de\/index.php?rest_route=%2Fwp%2Fv2%2Fcategories&post=1186"},{"taxonomy":"post_tag","embeddable":true,"href":"https:\/\/bw-hh.de\/index.php?rest_route=%2Fwp%2Fv2%2Ftags&post=1186"}],"curies":[{"name":"wp","href":"https:\/\/api.w.org\/{rel}","templated":true}]}}