{"id":1253,"date":"2026-03-13T08:27:49","date_gmt":"2026-03-13T08:27:49","guid":{"rendered":"https:\/\/bw-hh.de\/?p=1253"},"modified":"2026-03-13T08:31:54","modified_gmt":"2026-03-13T08:31:54","slug":"wir-wollen-nicht-vergessen-studienfahrt-auschwitz-birkenau-krakau-goerlitz-cloned","status":"publish","type":"post","link":"https:\/\/bw-hh.de\/?p=1253","title":{"rendered":"Stolpersteinverlegung &#8211; Familie Hesd\u00f6rffer"},"content":{"rendered":"<div class=\"fusion-fullwidth fullwidth-box fusion-builder-row-1 fusion-flex-container nonhundred-percent-fullwidth non-hundred-percent-height-scrolling\" style=\"--awb-border-radius-top-left:0px;--awb-border-radius-top-right:0px;--awb-border-radius-bottom-right:0px;--awb-border-radius-bottom-left:0px;--awb-flex-wrap:wrap;\" ><div class=\"fusion-builder-row fusion-row fusion-flex-align-items-flex-start fusion-flex-content-wrap\" style=\"max-width:1248px;margin-left: calc(-4% \/ 2 );margin-right: calc(-4% \/ 2 );\"><div class=\"fusion-layout-column fusion_builder_column fusion-builder-column-0 fusion_builder_column_1_1 1_1 fusion-flex-column\" style=\"--awb-bg-blend:overlay;--awb-bg-size:cover;--awb-width-large:100%;--awb-margin-top-large:0px;--awb-spacing-right-large:1.92%;--awb-margin-bottom-large:0px;--awb-spacing-left-large:1.92%;--awb-width-medium:100%;--awb-spacing-right-medium:1.92%;--awb-spacing-left-medium:1.92%;--awb-width-small:100%;--awb-spacing-right-small:1.92%;--awb-spacing-left-small:1.92%;\"><div class=\"fusion-column-wrapper fusion-flex-justify-content-flex-start fusion-content-layout-column\"><div class=\"fusion-text fusion-text-1\"><p><strong>IGS &#8211; Sophie Sondhelm &#8211; 55543 Bad Kreuznach\u00a0 \/\u00a0 \u00a0 \u00a011.06.2026\u00a0 \u00a0 \u00a0\/ \u00a0<\/strong><\/p>\n<p><strong>Stolpersteinverlegung\u00a0 \u00a0\/\u00a0 \u00a0<\/strong><\/p>\n<p>Zum Gedenken an den Bundesverdienstkreuztr\u00e4ger Heinz Hesd\u00f6rffer und seine Familie l\u00e4dt die IGS Sophie Sondhelm &#8211; Bad Kreuznach herzlich zur feierlichen Verlegung der Stolpersteine f\u00fcr Karl, Johanna, Ernst und Heinz Hesd\u00f6rffer ein.<\/p>\n<p>Die Verlegung findet statt am<\/p>\n<p><strong>Donnerstag, 11. Juni 2026, um 15.00 Uhr,<\/strong><\/p>\n<p><strong>in der Baumgartenstr. 44 in 55543 Bad Kreuznach.<\/strong><\/p>\n<p>Der Holocaust\u00fcberlebende Heinz Hesd\u00f6rffer ist bekannt durch seine langj\u00e4hrige Arbeit als Zeitzeuge. Neben dieser f\u00fcr ihn wichtigen Arbeit, seiner Rede vor dem Landtag in Rheinland-Pfalz am 27.01.2014, den Auftritten in Radio und Fernsehen, dem Dokumentarfilm \u201eSchritte ins Ungewisse\u201c, den er mit Bad Kreuznacher Jugendlichen drehte, gr\u00fcndete er auch den gemeinn\u00fctzigen Verein \u201eBildungswerk Heinz Hesd\u00f6rffer e.V.\u201c, welcher die Bildungsarbeit mit Kindern und Jugendlichen u.a. finanziell unterst\u00fctzt. Zu Lebzeiten sammelte er f\u00fcr seinen Verein noch Spenden und am Ende seines langen Lebens bedachte er diesen in seinem Nachlass.<\/p>\n<p>Dieses und vieles mehr tat er, weil er an das Gute in den jungen Menschen glaubte und ihnen mit diesem Geld zu einer Zukunft verhelfen wollte, die frei ist von Antisemitismus und Fremdenfeindlichkeit. Er glaubte daran, dass in unserer gelebten Demokratie Frieden zwischen den Religionen m\u00f6glich sein muss.<\/p>\n<p>Vor der Macht\u00fcbernahme Hitlers besa\u00df Familie Hesd\u00f6rffer eine angesehene Zuckerwarenfabrik in Bad Kreuznach. In der Reichspogromnacht wurde deren komplettes Inventar, sowie die Waren und Zutaten zerst\u00f6rt und aus den Fenstern geworfen. Auch das Wohnhaus wurde verw\u00fcstet. Familie Hesd\u00f6rffer verkaufte die Fabrik und lie\u00df das Wohnhaus mit allem Inventar zur\u00fcck.<\/p>\n<p>Im Holocaust wurden Johanna und ihr Sohn Ernst, sowie weitere Anverwandte umgebracht. Karl war bereits 1934 verstorben. Heinz Hesd\u00f6rffer \u00fcberlebte f\u00fcnf Konzentrations- und Vernichtungslager. Trotz seiner furchtbaren Erlebnisse kam er am 01.01.2009 zur\u00fcck nach Deutschland. Gerne w\u00e4re er in seine Geburtsstadt Bad Kreuznach zur\u00fcckgekehrt, aber er suchte eine Stadt, wo er seinen Glauben so leben konnte, wie es ihm vor dem Holocaust m\u00f6glich gewesen war. In Frankfurt am Main war dies gegeben. Gleichzeitig wusste er sich in einem Senioren- und Pflegeheim vor Ort gut aufgehoben. In diesem Haus f\u00fcr Menschen j\u00fcdischen und nichtj\u00fcdischen Glaubens gibt es einen Rabbiner und es finden regelm\u00e4\u00dfig Gottesdienste statt.<\/p>\n<p>Von Frankfurt aus fuhr er h\u00e4ufig nach Bad Kreuznach. Er nahm dort sehr schnell Kontakt zur j\u00fcdischen Kultusgemeinde auf und machte sich auf die Suche nach der Thorarolle, die in der Reichspogromnacht vor dem aufgebrachten Mob in Sicherheit gebracht werden konnte. Er fand sie tats\u00e4chlich in den USA und brachte sie zur\u00fcck nach Bad Kreuznach. Somit ist die Thorarolle, aus der er an seiner Bar-Mizwa gelesen hatte, wieder in seiner Heimatgemeinde zu Hause.<\/p>\n<p><strong>Wir w\u00fcrden uns sehr \u00fcber Ihr Kommen freuen!<\/strong><\/p>\n<p>Im Anschluss an die Stolpersteinverlegung laden wir Sie herzlich ein zu einem Austausch ins St. Hildegard-Zentrum der Caritas in der Bahnstr. 26 (fu\u00dfl\u00e4ufig 180 m).<\/p>\n<p>Johanna Lippert<\/p>\n<p>IGS Sophie Sondhelm \u2013 Bad Kreuznach<\/p>\n<p>Lehrkraft<\/p>\n<\/div><div class=\"awb-gallery-wrapper awb-gallery-wrapper-1 button-span-no\" style=\"--more-btn-alignment:center;\" data-limit=\"7\" data-page=\"1\"><div style=\"margin:-5px;--awb-bordersize:0px;\" class=\"fusion-gallery fusion-gallery-container fusion-grid-3 fusion-columns-total-1 fusion-gallery-layout-grid fusion-gallery-1\"><div style=\"padding:5px;\" class=\"fusion-grid-column fusion-gallery-column fusion-gallery-column-3 hover-type-none\"><div class=\"fusion-gallery-image\"><a href=\"https:\/\/bw-hh.de\/wp-content\/uploads\/2026\/03\/Postkarte-klein-Einladung-Stolpersteine-Hesdoerffer.jpg\" rel=\"noreferrer\" data-rel=\"iLightbox[gallery_image_1]\" class=\"fusion-lightbox\" target=\"_self\"><img decoding=\"async\" src=\"https:\/\/bw-hh.de\/wp-content\/uploads\/2026\/03\/Postkarte-klein-Einladung-Stolpersteine-Hesdoerffer.jpg\" width=\"600\" height=\"836\" alt=\"\" title=\"Postkarte klein &#8211; Einladung Stolpersteine Hesd\u00f6rffer\" aria-label=\"Postkarte klein &#8211; Einladung Stolpersteine Hesd\u00f6rffer\" class=\"img-responsive wp-image-1252\" srcset=\"https:\/\/bw-hh.de\/wp-content\/uploads\/2026\/03\/Postkarte-klein-Einladung-Stolpersteine-Hesdoerffer-200x279.jpg 200w, https:\/\/bw-hh.de\/wp-content\/uploads\/2026\/03\/Postkarte-klein-Einladung-Stolpersteine-Hesdoerffer-400x557.jpg 400w, https:\/\/bw-hh.de\/wp-content\/uploads\/2026\/03\/Postkarte-klein-Einladung-Stolpersteine-Hesdoerffer.jpg 600w\" sizes=\"(min-width: 2200px) 100vw, (min-width: 784px) 397px, (min-width: 712px) 595px, (min-width: 640px) 712px, \" \/><\/a><\/div><\/div><\/div><\/div><\/div><\/div><\/div><\/div>\n","protected":false},"excerpt":{"rendered":"","protected":false},"author":1,"featured_media":1252,"comment_status":"open","ping_status":"open","sticky":false,"template":"","format":"standard","meta":{"footnotes":""},"categories":[11],"tags":[],"class_list":["post-1253","post","type-post","status-publish","format-standard","has-post-thumbnail","hentry","category-studienfahrt"],"_links":{"self":[{"href":"https:\/\/bw-hh.de\/index.php?rest_route=\/wp\/v2\/posts\/1253","targetHints":{"allow":["GET"]}}],"collection":[{"href":"https:\/\/bw-hh.de\/index.php?rest_route=\/wp\/v2\/posts"}],"about":[{"href":"https:\/\/bw-hh.de\/index.php?rest_route=\/wp\/v2\/types\/post"}],"author":[{"embeddable":true,"href":"https:\/\/bw-hh.de\/index.php?rest_route=\/wp\/v2\/users\/1"}],"replies":[{"embeddable":true,"href":"https:\/\/bw-hh.de\/index.php?rest_route=%2Fwp%2Fv2%2Fcomments&post=1253"}],"version-history":[{"count":4,"href":"https:\/\/bw-hh.de\/index.php?rest_route=\/wp\/v2\/posts\/1253\/revisions"}],"predecessor-version":[{"id":1258,"href":"https:\/\/bw-hh.de\/index.php?rest_route=\/wp\/v2\/posts\/1253\/revisions\/1258"}],"wp:featuredmedia":[{"embeddable":true,"href":"https:\/\/bw-hh.de\/index.php?rest_route=\/wp\/v2\/media\/1252"}],"wp:attachment":[{"href":"https:\/\/bw-hh.de\/index.php?rest_route=%2Fwp%2Fv2%2Fmedia&parent=1253"}],"wp:term":[{"taxonomy":"category","embeddable":true,"href":"https:\/\/bw-hh.de\/index.php?rest_route=%2Fwp%2Fv2%2Fcategories&post=1253"},{"taxonomy":"post_tag","embeddable":true,"href":"https:\/\/bw-hh.de\/index.php?rest_route=%2Fwp%2Fv2%2Ftags&post=1253"}],"curies":[{"name":"wp","href":"https:\/\/api.w.org\/{rel}","templated":true}]}}