{"id":951,"date":"2024-02-16T06:55:44","date_gmt":"2024-02-16T06:55:44","guid":{"rendered":"https:\/\/bw-hh.de\/?p=951"},"modified":"2025-11-05T19:03:05","modified_gmt":"2025-11-05T19:03:05","slug":"studienfahrt-nach-weimar-gedenkstaette-buchenwald","status":"publish","type":"post","link":"https:\/\/bw-hh.de\/?p=951","title":{"rendered":"Studienfahrt nach Weimar &#8211; Gedenkst\u00e4tte Buchenwald"},"content":{"rendered":"<div class=\"fusion-fullwidth fullwidth-box fusion-builder-row-1 fusion-flex-container nonhundred-percent-fullwidth non-hundred-percent-height-scrolling\" style=\"--awb-border-radius-top-left:0px;--awb-border-radius-top-right:0px;--awb-border-radius-bottom-right:0px;--awb-border-radius-bottom-left:0px;--awb-flex-wrap:wrap;\" ><div class=\"fusion-builder-row fusion-row fusion-flex-align-items-flex-start fusion-flex-content-wrap\" style=\"max-width:1248px;margin-left: calc(-4% \/ 2 );margin-right: calc(-4% \/ 2 );\"><div class=\"fusion-layout-column fusion_builder_column fusion-builder-column-0 fusion_builder_column_1_1 1_1 fusion-flex-column\" style=\"--awb-bg-blend:overlay;--awb-bg-size:cover;--awb-width-large:100%;--awb-margin-top-large:0px;--awb-spacing-right-large:1.92%;--awb-margin-bottom-large:0px;--awb-spacing-left-large:1.92%;--awb-width-medium:100%;--awb-spacing-right-medium:1.92%;--awb-spacing-left-medium:1.92%;--awb-width-small:100%;--awb-spacing-right-small:1.92%;--awb-spacing-left-small:1.92%;\"><div class=\"fusion-column-wrapper fusion-flex-justify-content-flex-start fusion-content-layout-column\"><div class=\"fusion-text fusion-text-1\"><p><strong>Gymnasium am R\u00f6merkastell &#8211; 55543 Bad Kreuznach\u00a0 \u00a0 \u00a0\/\u00a0 \u00a0\u00a0 16. &#8211; 18.02.2024\u00a0 \u00a0\u00a0 \/ \u00a0<\/strong><\/p>\n<p><strong>Studienfahrt nach Weimar und zur Gedenkst\u00e4tte Buchenwald\u00a0 \u00a0\/<\/strong><\/p>\n<p>Das Fahrtenkonzept unserer Schule sieht f\u00fcr die Leistungskurse im Fach Deutsch eine freiwillige Studienfahrt nach Weimar vor. Neben kulturellen Aspekten schlie\u00dft diese immer auch einen Besuch der Gedenkst\u00e4tte Buchenwald sowie der dortigen Ausstellung ein. Im Mittelpunkt der Fahrt steht folglich immer die Frage nach dem Kontrast und auch den historischen Zusammenh\u00e4ngen zwischen der Hochkultur der Weimarer Klassik und dem Nationalsozialismus.<\/p>\n<p>Vorbereitet wurde das Thema im Unterricht: Schon in den vorangehenden Schuljahren wurde z.B. in Reihen zu Schillers \u201eR\u00e4ubern\u201c, zur Romantik oder Goethes \u201eFaust\u201c auf das freiheitliche Gedankengut der Dichtergr\u00f6\u00dfen eingegangen sowie dessen Nachwirkung und auch Instrumentalisierung zun\u00e4chst durch nationale Str\u00f6mungen im 19. und dann durch nationalsozialistische im 20. Jahrhundert thematisiert. Au\u00dferdem wurde in einer Reihe zum Schwerpunkt \u201eReflexion \u00fcber Sprache\u201c \u00fcber Victor Klemperers Gedanken \u00fcber \u201eSprache im Dritten Reich\u201c und deren Gegenwartsbezug diskutiert.<\/p>\n<p>Unmittelbar vor der Exkursion wurde ausgehend von Materialien aus dem Deutschbuch nicht nur das Menschenbild der Klassik intensiver betrachtet, sondern auch unter verschiedenen Perspektiven vorbereitend einerseits er\u00f6rtert, wie es am gleichen Ort zur Errichtung des Arbeitslagers kommen konnte, und andererseits, ob bzw. welche Lehren daraus f\u00fcr die Zukunft zu ziehen sind.<\/p>\n<p>Der Aufenthalt in Weimar selbst wurde durch einen von uns Lehrern gestalteten Standrundgang eingeleitet, bei dem ausdr\u00fccklich das buchst\u00e4bliche Nebeneinander der Wohnh\u00e4user Schillers und Goethes mit durch den Nationalsozialismus belasteten Orten (Markplatz mit dem Rathaus und Hotel Elefant) im Mittelpunkt stand. Das Nationaldenkmal, dessen problematische Entstehungsgeschichte und Gestaltung im Unterricht besprochen worden waren, wurde besucht und auch die Geschichte des Bauhauses sowie dessen Vertreibung aus Weimar (und sp\u00e4ter Dessau) angesprochen. Abgeschlossen wurde das Programm des Anreisetages durch den Besuch des Goethehauses samt Nationalmuseum.<\/p>\n<p><strong>Der zweite Tag war vornehmlich dem Besuch der Gedenkst\u00e4tte gewidmet<\/strong>, der dem \u00fcblichen Verlauf gefolgt ist: Die Gruppe hat sich zun\u00e4chst den einf\u00fchrenden Dokumentarfilm, der durch die Aussage von Zeitzeugen gepr\u00e4gt ist und dadurch eine angemessene Vorbereitung und Einstimmung bietet, angesehen. Anschlie\u00dfend haben die Sch\u00fcler*Innen in kleinen Gruppen eigenst\u00e4ndig und mit individuell gew\u00e4hlten Schwerpunkten ca. zwei Stunden lang das Gel\u00e4nde &#8211; angeleitet von einem Multimedia-Guide (https:\/\/www.buchenwald.de\/de\/besuch\/multimedia-guide) &#8211; erkundet. Zuletzt haben alle gemeinsam die Ausstellung \u201eBuchenwald &#8211; Ausgrenzung und Gewalt 1937 bis 1945\u201c besucht.<\/p>\n<p>Die so gewonnenen Eindr\u00fccke haben sehr individuelle und auch unterschiedliche Reaktionen ausgel\u00f6st, weshalb die Teilnehmer gebeten wurden, einen kurzen pers\u00f6nlichen R\u00fcckblick zu formulieren.<\/p>\n<p>Im Mittelpunkt der gemeinsamen Anschlussgespr\u00e4che stand deutlich nicht nur der ersch\u00fctternde R\u00fcckblick auf das Geschehen, sondern auch die Frage danach, wie \u00e4hnliche Entwicklungen und Ereignisse in Zukunft verhindert werden k\u00f6nnen. Viele Fahrtteilnehmer dachten dar\u00fcber nach, was sie pers\u00f6nlich im Alltag tun k\u00f6nnen, um rechtsradikalen, populistischen und nationalistischen Str\u00f6mungen entgegen zu wirken. Einige haben sich in letzter Zeit bereits auf \u201eDemos gegen rechts\u201c engagiert; doch gen\u00fcgt dies?<\/p>\n<p>Im Fachunterricht eine Woche sp\u00e4ter ging es dann noch einmal um spezifischere Fragen, z.B. welche Auswirkungen es hat, dass die kanonischen Schullekt\u00fcren einerseits immer seltener gelesen, aber andererseits wieder zunehmend von rechten Gruppierungen instrumentalisiert werden.<\/p>\n<p>Endg\u00fcltige Antworten auf all diese Fragen konnte die Gruppe selbstverst\u00e4ndlich nicht finden, doch ein vertieftes Nachdenken und eine lebendige Diskussion hat der Gedenkst\u00e4ttenbesuch sehr wohl ausgel\u00f6st.<\/p>\n<p>Den Samstag in Weimar hat die Gruppe nach einer angemessenen Reflexions- und Atempause im \u201eTheater im Gew\u00f6lbe\u201c mit einer Inszenierung unter dem Motto \u201eWie Goethe und Schiller zur Klassik kamen\u201c ausklingen lassen, die erneut kontrastive Eindr\u00fccke erzeugt hat.<\/p>\n<p>Der Abschlusstag durfte individueller gestaltet werden, wobei jeder Teilnehmer jedoch mindestens eins der kulturellen, auf das Fach Deutsch abgestimmte Angebote wahrnehmen musste. So hat eine Teilgruppe sich f\u00fcr die Anna-Amalia-Bibliothek entschieden und dort sowohl den Barocksaal als auch eine Ausstellung zu \u201eCranachs Bilderfluten\u201c besucht, in welcher es zuf\u00e4lligerweise, aber durchaus passend um fr\u00fche Elemente von Bildpropaganda ging. Eine andere Gruppe hat das Wohnhaus Schillers erkundet. Einzelne sind am fr\u00fchen Nachmittag zus\u00e4tzlich in das Bauhaus-Museum gegangen, bevor ein Spaziergang durch den Park an der Ilm einen vers\u00f6hnlichen Abschied aus Weimar erm\u00f6glichst hat.<\/p>\n<p>Dr. Manuela Schotte<\/p>\n<\/div><div class=\"awb-gallery-wrapper awb-gallery-wrapper-1 button-span-no\" style=\"--more-btn-alignment:center;\" data-limit=\"5\" data-page=\"1\"><div style=\"margin:-5px;--awb-bordersize:0px;\" class=\"fusion-gallery fusion-gallery-container fusion-grid-3 fusion-columns-total-5 fusion-gallery-layout-grid fusion-gallery-1\"><div style=\"padding:5px;\" class=\"fusion-grid-column fusion-gallery-column fusion-gallery-column-3 hover-type-none\"><div class=\"fusion-gallery-image\"><a href=\"https:\/\/bw-hh.de\/wp-content\/uploads\/2025\/06\/PA-2402_001-Eindruecke-Buchenwald_Home.jpg\" rel=\"noreferrer\" data-rel=\"iLightbox[gallery_image_1]\" class=\"fusion-lightbox\" target=\"_self\"><img decoding=\"async\" src=\"https:\/\/bw-hh.de\/wp-content\/uploads\/2025\/06\/PA-2402_001-Eindruecke-Buchenwald_Home.jpg\" width=\"1208\" height=\"1690\" alt=\"\" title=\"PA-2402_001-Eindr\u00fccke Buchenwald_Home\" aria-label=\"PA-2402_001-Eindr\u00fccke Buchenwald_Home\" class=\"img-responsive wp-image-1088\" srcset=\"https:\/\/bw-hh.de\/wp-content\/uploads\/2025\/06\/PA-2402_001-Eindruecke-Buchenwald_Home-200x280.jpg 200w, https:\/\/bw-hh.de\/wp-content\/uploads\/2025\/06\/PA-2402_001-Eindruecke-Buchenwald_Home-400x560.jpg 400w, https:\/\/bw-hh.de\/wp-content\/uploads\/2025\/06\/PA-2402_001-Eindruecke-Buchenwald_Home-600x839.jpg 600w, https:\/\/bw-hh.de\/wp-content\/uploads\/2025\/06\/PA-2402_001-Eindruecke-Buchenwald_Home-800x1119.jpg 800w, https:\/\/bw-hh.de\/wp-content\/uploads\/2025\/06\/PA-2402_001-Eindruecke-Buchenwald_Home-1200x1679.jpg 1200w, https:\/\/bw-hh.de\/wp-content\/uploads\/2025\/06\/PA-2402_001-Eindruecke-Buchenwald_Home.jpg 1208w\" sizes=\"(min-width: 2200px) 100vw, (min-width: 784px) 397px, (min-width: 712px) 595px, (min-width: 640px) 712px, \" \/><\/a><\/div><\/div><div style=\"padding:5px;\" class=\"fusion-grid-column fusion-gallery-column fusion-gallery-column-3 hover-type-none\"><div class=\"fusion-gallery-image\"><a href=\"https:\/\/bw-hh.de\/wp-content\/uploads\/2025\/06\/PA-2402_002-Eindruecke-Buchenwald_Home.jpg\" rel=\"noreferrer\" data-rel=\"iLightbox[gallery_image_1]\" class=\"fusion-lightbox\" target=\"_self\"><img decoding=\"async\" src=\"https:\/\/bw-hh.de\/wp-content\/uploads\/2025\/06\/PA-2402_002-Eindruecke-Buchenwald_Home.jpg\" width=\"1208\" height=\"1690\" alt=\"\" title=\"PA-2402_002-Eindr\u00fccke Buchenwald_Home\" aria-label=\"PA-2402_002-Eindr\u00fccke Buchenwald_Home\" class=\"img-responsive wp-image-1089\" srcset=\"https:\/\/bw-hh.de\/wp-content\/uploads\/2025\/06\/PA-2402_002-Eindruecke-Buchenwald_Home-200x280.jpg 200w, https:\/\/bw-hh.de\/wp-content\/uploads\/2025\/06\/PA-2402_002-Eindruecke-Buchenwald_Home-400x560.jpg 400w, https:\/\/bw-hh.de\/wp-content\/uploads\/2025\/06\/PA-2402_002-Eindruecke-Buchenwald_Home-600x839.jpg 600w, https:\/\/bw-hh.de\/wp-content\/uploads\/2025\/06\/PA-2402_002-Eindruecke-Buchenwald_Home-800x1119.jpg 800w, https:\/\/bw-hh.de\/wp-content\/uploads\/2025\/06\/PA-2402_002-Eindruecke-Buchenwald_Home-1200x1679.jpg 1200w, https:\/\/bw-hh.de\/wp-content\/uploads\/2025\/06\/PA-2402_002-Eindruecke-Buchenwald_Home.jpg 1208w\" sizes=\"(min-width: 2200px) 100vw, (min-width: 784px) 397px, (min-width: 712px) 595px, (min-width: 640px) 712px, \" \/><\/a><\/div><\/div><div style=\"padding:5px;\" class=\"fusion-grid-column fusion-gallery-column fusion-gallery-column-3 hover-type-none\"><div class=\"fusion-gallery-image\"><a href=\"https:\/\/bw-hh.de\/wp-content\/uploads\/2025\/06\/PA-2402_003-Eindruecke-Buchenwald_Home.jpg\" rel=\"noreferrer\" data-rel=\"iLightbox[gallery_image_1]\" class=\"fusion-lightbox\" target=\"_self\"><img decoding=\"async\" src=\"https:\/\/bw-hh.de\/wp-content\/uploads\/2025\/06\/PA-2402_003-Eindruecke-Buchenwald_Home.jpg\" width=\"1208\" height=\"1690\" alt=\"\" title=\"PA-2402_003-Eindr\u00fccke Buchenwald_Home\" aria-label=\"PA-2402_003-Eindr\u00fccke Buchenwald_Home\" class=\"img-responsive wp-image-1090\" srcset=\"https:\/\/bw-hh.de\/wp-content\/uploads\/2025\/06\/PA-2402_003-Eindruecke-Buchenwald_Home-200x280.jpg 200w, https:\/\/bw-hh.de\/wp-content\/uploads\/2025\/06\/PA-2402_003-Eindruecke-Buchenwald_Home-400x560.jpg 400w, https:\/\/bw-hh.de\/wp-content\/uploads\/2025\/06\/PA-2402_003-Eindruecke-Buchenwald_Home-600x839.jpg 600w, https:\/\/bw-hh.de\/wp-content\/uploads\/2025\/06\/PA-2402_003-Eindruecke-Buchenwald_Home-800x1119.jpg 800w, https:\/\/bw-hh.de\/wp-content\/uploads\/2025\/06\/PA-2402_003-Eindruecke-Buchenwald_Home-1200x1679.jpg 1200w, https:\/\/bw-hh.de\/wp-content\/uploads\/2025\/06\/PA-2402_003-Eindruecke-Buchenwald_Home.jpg 1208w\" sizes=\"(min-width: 2200px) 100vw, (min-width: 784px) 397px, (min-width: 712px) 595px, (min-width: 640px) 712px, \" \/><\/a><\/div><\/div><div class=\"clearfix\"><\/div><div style=\"padding:5px;\" class=\"fusion-grid-column fusion-gallery-column fusion-gallery-column-3 hover-type-none\"><div class=\"fusion-gallery-image\"><a href=\"https:\/\/bw-hh.de\/wp-content\/uploads\/2025\/06\/PA-2402_004-Eindruecke-Buchenwald_Home.jpg\" rel=\"noreferrer\" data-rel=\"iLightbox[gallery_image_1]\" class=\"fusion-lightbox\" target=\"_self\"><img decoding=\"async\" src=\"https:\/\/bw-hh.de\/wp-content\/uploads\/2025\/06\/PA-2402_004-Eindruecke-Buchenwald_Home.jpg\" width=\"1208\" height=\"1690\" alt=\"\" title=\"PA-2402_004-Eindr\u00fccke Buchenwald_Home\" aria-label=\"PA-2402_004-Eindr\u00fccke Buchenwald_Home\" class=\"img-responsive wp-image-1091\" srcset=\"https:\/\/bw-hh.de\/wp-content\/uploads\/2025\/06\/PA-2402_004-Eindruecke-Buchenwald_Home-200x280.jpg 200w, https:\/\/bw-hh.de\/wp-content\/uploads\/2025\/06\/PA-2402_004-Eindruecke-Buchenwald_Home-400x560.jpg 400w, https:\/\/bw-hh.de\/wp-content\/uploads\/2025\/06\/PA-2402_004-Eindruecke-Buchenwald_Home-600x839.jpg 600w, https:\/\/bw-hh.de\/wp-content\/uploads\/2025\/06\/PA-2402_004-Eindruecke-Buchenwald_Home-800x1119.jpg 800w, https:\/\/bw-hh.de\/wp-content\/uploads\/2025\/06\/PA-2402_004-Eindruecke-Buchenwald_Home-1200x1679.jpg 1200w, https:\/\/bw-hh.de\/wp-content\/uploads\/2025\/06\/PA-2402_004-Eindruecke-Buchenwald_Home.jpg 1208w\" sizes=\"(min-width: 2200px) 100vw, (min-width: 784px) 397px, (min-width: 712px) 595px, (min-width: 640px) 712px, \" \/><\/a><\/div><\/div><div style=\"padding:5px;\" class=\"fusion-grid-column fusion-gallery-column fusion-gallery-column-3 hover-type-none\"><div class=\"fusion-gallery-image\"><a href=\"https:\/\/bw-hh.de\/wp-content\/uploads\/2025\/06\/PA-2402_005-Eindruecke-Buchenwald_Home.jpg\" rel=\"noreferrer\" data-rel=\"iLightbox[gallery_image_1]\" class=\"fusion-lightbox\" target=\"_self\"><img decoding=\"async\" src=\"https:\/\/bw-hh.de\/wp-content\/uploads\/2025\/06\/PA-2402_005-Eindruecke-Buchenwald_Home.jpg\" width=\"581\" height=\"390\" alt=\"\" title=\"PA-2402_005-Eindr\u00fccke Buchenwald_Home\" aria-label=\"PA-2402_005-Eindr\u00fccke Buchenwald_Home\" class=\"img-responsive wp-image-1092\" srcset=\"https:\/\/bw-hh.de\/wp-content\/uploads\/2025\/06\/PA-2402_005-Eindruecke-Buchenwald_Home-200x134.jpg 200w, https:\/\/bw-hh.de\/wp-content\/uploads\/2025\/06\/PA-2402_005-Eindruecke-Buchenwald_Home-400x269.jpg 400w, https:\/\/bw-hh.de\/wp-content\/uploads\/2025\/06\/PA-2402_005-Eindruecke-Buchenwald_Home.jpg 581w\" sizes=\"(min-width: 2200px) 100vw, (min-width: 784px) 397px, (min-width: 712px) 595px, (min-width: 640px) 712px, \" \/><\/a><\/div><\/div><\/div><\/div><\/div><\/div><\/div><\/div>\n","protected":false},"excerpt":{"rendered":"","protected":false},"author":1,"featured_media":1092,"comment_status":"open","ping_status":"open","sticky":false,"template":"","format":"standard","meta":{"footnotes":""},"categories":[11],"tags":[],"class_list":["post-951","post","type-post","status-publish","format-standard","has-post-thumbnail","hentry","category-studienfahrt"],"_links":{"self":[{"href":"https:\/\/bw-hh.de\/index.php?rest_route=\/wp\/v2\/posts\/951","targetHints":{"allow":["GET"]}}],"collection":[{"href":"https:\/\/bw-hh.de\/index.php?rest_route=\/wp\/v2\/posts"}],"about":[{"href":"https:\/\/bw-hh.de\/index.php?rest_route=\/wp\/v2\/types\/post"}],"author":[{"embeddable":true,"href":"https:\/\/bw-hh.de\/index.php?rest_route=\/wp\/v2\/users\/1"}],"replies":[{"embeddable":true,"href":"https:\/\/bw-hh.de\/index.php?rest_route=%2Fwp%2Fv2%2Fcomments&post=951"}],"version-history":[{"count":6,"href":"https:\/\/bw-hh.de\/index.php?rest_route=\/wp\/v2\/posts\/951\/revisions"}],"predecessor-version":[{"id":1224,"href":"https:\/\/bw-hh.de\/index.php?rest_route=\/wp\/v2\/posts\/951\/revisions\/1224"}],"wp:featuredmedia":[{"embeddable":true,"href":"https:\/\/bw-hh.de\/index.php?rest_route=\/wp\/v2\/media\/1092"}],"wp:attachment":[{"href":"https:\/\/bw-hh.de\/index.php?rest_route=%2Fwp%2Fv2%2Fmedia&parent=951"}],"wp:term":[{"taxonomy":"category","embeddable":true,"href":"https:\/\/bw-hh.de\/index.php?rest_route=%2Fwp%2Fv2%2Fcategories&post=951"},{"taxonomy":"post_tag","embeddable":true,"href":"https:\/\/bw-hh.de\/index.php?rest_route=%2Fwp%2Fv2%2Ftags&post=951"}],"curies":[{"name":"wp","href":"https:\/\/api.w.org\/{rel}","templated":true}]}}